{"id":9924,"date":"2018-08-27T11:03:30","date_gmt":"2018-08-27T09:03:30","guid":{"rendered":"https:\/\/www.betravel.net\/?p=9924"},"modified":"2018-08-27T11:03:30","modified_gmt":"2018-08-27T09:03:30","slug":"samana-republica-dominicana","status":"publish","type":"post","link":"https:\/\/betravel.net\/es\/2018\/08\/27\/samana-republica-dominicana\/","title":{"rendered":"Viatgem a Saman\u00e1 i assaborim la Rep\u00fablica Dominicana"},"content":{"rendered":"<p>Un pa\u00eds ple de diversitat, el segon m\u00e9s gran del Carib. Parlem de la Rep\u00fablica Dominicana, que ens ofereix un clima espectacular de 25 \u00baC durant tot l&#8217;any. I a m\u00e9s ens convida a gaudir d\u2019unes <strong>vacances al ritme caribeny<\/strong>. M\u00e9s de 1.600 quil\u00f2metres de costa amb <strong>platges verges<\/strong>, hotels i\u00a0ressorts, i una infinitat d&#8217;opcions en <strong>esports, entreteniment i recreaci\u00f3<\/strong>.<\/p>\n<h2>Saman\u00e1, el secret m\u00e9s ben guardat del Carib<\/h2>\n<p>Si el que busques \u00e9s <strong>naturalesa aut\u00e8ntica i salvatge<\/strong>, la Rep\u00fablica Dominicana compta amb destinacions menys conegudes com \u00e9s el cas de <strong>Saman\u00e1<\/strong>, el secret m\u00e9s ben guardat del Carib. Es tracta d\u2019una pen\u00ednsula situada a la costa nord-est de la Rep\u00fablica Dominicana, amb entorns exuberants i paisatges naturals espl\u00e8ndids.<\/p>\n<h3>Cultura i relax<\/h3>\n<p>Escull l\u2019hotel amb <strong>tot incl\u00f2s<\/strong> que m\u00e9s et vingui de gust. Bahia\u00a0Principe\u00a0t\u00e9 quatre fant\u00e0stics\u00a0ressorts\u00a0situats en un ambient perfecte. L&#8217;hospitalitat i l\u2019alegria dominicana combinada amb la <strong>suculenta gastronomia<\/strong> basada en productes locals com el peix fresc, la llet de coco, el fam\u00f3s rom dominic\u00e0 o el Mamajuana, el licor local, fan de la Rep\u00fablica Dominicana un dest\u00ed idoni per relaxar-se.<\/p>\n<h3>Qu\u00e8 fer?<\/h3>\n<p>Platges de sorra blanca i aig\u00fces turqueses t\u2019esperen. <strong>Platja Rinc\u00f3n<\/strong> est\u00e0 considerada una de les 10 platges m\u00e9s belles del m\u00f3n per la Unesco, i molt a prop trobar\u00e0s les sofisticades platges de <strong>Les Galeres<\/strong> i <strong>Les Terrenes<\/strong>. A banda de les platges de postal, l\u2019activitat estrella \u00e9s <strong>l\u2019observaci\u00f3 de les balenes geperudes<\/strong> a l\u2019Atl\u00e0ntic nord, presents tot l&#8217;any en la costa de la badia de\u00a0Saman\u00e1. I si vols m\u00e9s meravelles naturals al <strong>Parc Nacional Los Haitises<\/strong> descobrir\u00e0s un bosc humit subtropical amb aus, manglars, coves i molta vegetaci\u00f3.<\/p>\n<h4>Cos i ment<\/h4>\n<p>Per tancar el viatge amb la cirereta final una bona manera \u00e9s posar-se en mans dels <strong>tractaments de benestar<\/strong> que ofereixen als hotels. Massatges, cosm\u00e8tica i activitats de relaxaci\u00f3 cos i ment en un entorn de pel\u00b7l\u00edcula.<\/p>\n<p><strong>Vols m\u00e9s informaci\u00f3?<\/strong> Vine&#8217;ns a veure a <strong>Ronda Zamenhof, 12 Sabadell<\/strong> (Barcelona), truca&#8217;ns al <strong>93 745 75 40<\/strong> o si prefereixes envia&#8217;ns un email a <strong>sombeatgers@betravel.net<\/strong><\/p>\n","protected":false},"excerpt":{"rendered":"<p>Un pa\u00eds ple de diversitat, el segon m\u00e9s gran del Carib. Parlem de la Rep\u00fablica Dominicana, que ens ofereix un clima espectacular de 25 \u00baC durant tot l&#8217;any. I a m\u00e9s ens convida a gaudir d\u2019unes vacances al ritme caribeny. M\u00e9s de 1.600 quil\u00f2metres de costa amb platges verges, hotels i\u00a0ressorts, i una infinitat d&#8217;opcions [&hellip;]<\/p>\n","protected":false},"author":1,"featured_media":9928,"comment_status":"closed","ping_status":"open","sticky":false,"template":"","format":"image","meta":{"inline_featured_image":false,"footnotes":""},"categories":[10],"tags":[165,166,167,168],"class_list":["post-9924","post","type-post","status-publish","format-image","has-post-thumbnail","hentry","category-viatges","tag-carib","tag-caribe","tag-republica-dominicana","tag-samana","post_format-post-format-image"],"acf":[],"_links":{"self":[{"href":"https:\/\/betravel.net\/es\/wp-json\/wp\/v2\/posts\/9924","targetHints":{"allow":["GET"]}}],"collection":[{"href":"https:\/\/betravel.net\/es\/wp-json\/wp\/v2\/posts"}],"about":[{"href":"https:\/\/betravel.net\/es\/wp-json\/wp\/v2\/types\/post"}],"author":[{"embeddable":true,"href":"https:\/\/betravel.net\/es\/wp-json\/wp\/v2\/users\/1"}],"replies":[{"embeddable":true,"href":"https:\/\/betravel.net\/es\/wp-json\/wp\/v2\/comments?post=9924"}],"version-history":[{"count":0,"href":"https:\/\/betravel.net\/es\/wp-json\/wp\/v2\/posts\/9924\/revisions"}],"wp:featuredmedia":[{"embeddable":true,"href":"https:\/\/betravel.net\/es\/wp-json\/wp\/v2\/media\/9928"}],"wp:attachment":[{"href":"https:\/\/betravel.net\/es\/wp-json\/wp\/v2\/media?parent=9924"}],"wp:term":[{"taxonomy":"category","embeddable":true,"href":"https:\/\/betravel.net\/es\/wp-json\/wp\/v2\/categories?post=9924"},{"taxonomy":"post_tag","embeddable":true,"href":"https:\/\/betravel.net\/es\/wp-json\/wp\/v2\/tags?post=9924"}],"curies":[{"name":"wp","href":"https:\/\/api.w.org\/{rel}","templated":true}]}}