{"id":8984,"date":"2018-03-20T12:15:44","date_gmt":"2018-03-20T11:15:44","guid":{"rendered":"https:\/\/www.betravel.net\/?p=8984\/"},"modified":"2018-03-20T12:15:44","modified_gmt":"2018-03-20T11:15:44","slug":"sakura-lart-i-les-flors-de-cirerer-del-japo","status":"publish","type":"post","link":"https:\/\/betravel.net\/es\/2018\/03\/20\/sakura-lart-i-les-flors-de-cirerer-del-japo\/","title":{"rendered":"Sakura, l&#8217;art i les flors de cirerer del Jap\u00f3!"},"content":{"rendered":"<h1>La sensacional temporada\u00a0<em>Sakura\u00a0<\/em>de les flors de cirerer<\/h1>\n<p>Amb<strong> la primavera<\/strong>\u00a0s&#8217;inaugura, amb el pas del sol a trav\u00e9s de l&#8217;equador celeste,\u00a0<strong><a href=\"http:\/\/bit.ly\/2DGuhvK\" target=\"_blank\" rel=\"noopener\">Viatgem fins al Jap\u00f3<\/a><\/strong>!<\/p>\n<p>Es tracte d\u2019un espectacle \u00fanic. La flor del cirerer floreix durant la primavera. Al Jap\u00f3 es realiaza el festival de l&#8217;<em>Hanami<\/em> (\u82b1 \u898b) en el seu honor ja que \u00e9s la seva flor m\u00e9s significativa (per\u00f2 no l&#8217;oficial, que \u00e9s el <em>Crisantem<\/em>); durant aquest els familiars i amics es reuneixen als parcs amb cirerers sota l&#8217;ombra dels mateixos i, a manera de \u00abp\u00edcnic\u00bb, comparteixen aliments mentre celebren l&#8217;aparici\u00f3 de les flors. El curs acad\u00e8mic del Jap\u00f3 comen\u00e7a just despr\u00e9s del final de la festivitat, que t\u00e9 lloc cada any\u00a0<strong>des del mes de mar\u00e7 a Okinawa\u00a0fins al mes de maig a la illa de\u00a0Hokkaido<\/strong>. M\u00fasica, decoraci\u00f3 dels edificis, exposicions, mostres de cuina japonesa ens permetran viure l\u2019aut\u00e8ntica experi\u00e8ncia del <strong><em>Hanami<\/em>, que vol dir en japon\u00e8s <em>\u201cObservar les flors de cirerer\u201d<\/em><\/strong>.<\/p>\n<h2>S\u00edmbols de la cultura japonesa<\/h2>\n<p>La\u00a0<em>Sakura<\/em> (\u685c o \u3055 \u304f \u3089) o cirerer florit japon\u00e8s \u00e9s un dels s\u00edmbols m\u00e9s coneguts de la cultura japonesa. Tamb\u00e9 es nomena sakura a tres esp\u00e8cies de plantes del g\u00e8nere Prunus.<\/p>\n<p>Durant l&#8217;any els arbres de cirerer romanen \u00fanicament folrats de fulles, i estan nus a l&#8217;hivern, per\u00f2 cap a l&#8217;inici de la primavera floreixen, decorant els parcs amb la seva aparen\u00e7a de n\u00favols rosades i blanques.<\/p>\n<p>Les\u00a0<em>Sakura<\/em> s\u00f3n un element simb\u00f2lic com\u00fa en la cultura popular del Jap\u00f3, on tenen m\u00faltiples significats relacionats. La imatge dels p\u00e8tals d&#8217;aquestes flors caiguts en massa al principi de la primavera, especialment a l&#8217;abril, simbolitza la bellesa de la natura i el valor que la fugacitat de l&#8217;exist\u00e8ncia atorga a la vida.<\/p>\n<h3>Tradici\u00f3\u00a0mil\u00b7len\u00e0ria<\/h3>\n<p>El bon temps fa florir els cirerers, <em>Sakura<\/em> en japon\u00e8s,\u00a0una tradici\u00f3 que porta a tots els japonesos a esperar cada any l&#8217;\u00e8poca de la florida per celerar-la en forma de p\u00edcnics gaudint en fam\u00edlia, amics o companys de treball. <strong>De tradici\u00f3 mil\u00b7len\u00e0ria i amb origen en el Per\u00edode de\u00a0Nara<\/strong>\u00a0com a entreteniment imperial i de l&#8217;aristocr\u00e0cia. Va ser en l&#8217;\u00e8poca Edo quan aquesta es va estendre entre els\u00a0Samur\u00e1is\u00a0i el poble pla, arribant fins als nostres dies com un espectacle fascinant i ple de simbolisme.<\/p>\n<p>&nbsp;<\/p>\n","protected":false},"excerpt":{"rendered":"<p>El bon temps fa florir els cirerers, Sakura en japon\u00e8s,\u00a0una tradici\u00f3 que porta a tots els japonesos a esperar cada any l&#8217;\u00e8poca de la florida per celerar-la en forma de p\u00edcnics gaudint en fam\u00edlia, amics o companys de treball.<\/p>\n","protected":false},"author":1,"featured_media":9210,"comment_status":"closed","ping_status":"open","sticky":false,"template":"","format":"video","meta":{"inline_featured_image":false,"footnotes":""},"categories":[10],"tags":[123,124,125,126,127,128,129,130,131,132,133,134,135,136,137],"class_list":["post-8984","post","type-post","status-publish","format-video","has-post-thumbnail","hentry","category-viatges","tag-cirerer-florit-japones","tag-crisantem","tag-cultura-japonesa","tag-epoca-edo","tag-festival-de-lhanami","tag-flors-de-cierre","tag-illa-de-hokkaido","tag-japo","tag-observar-les-flors-de-cierre","tag-okinawa","tag-periode-de-nara","tag-primavera","tag-prunus","tag-sakura","tag-samurais","post_format-post-format-video"],"acf":[],"_links":{"self":[{"href":"https:\/\/betravel.net\/es\/wp-json\/wp\/v2\/posts\/8984","targetHints":{"allow":["GET"]}}],"collection":[{"href":"https:\/\/betravel.net\/es\/wp-json\/wp\/v2\/posts"}],"about":[{"href":"https:\/\/betravel.net\/es\/wp-json\/wp\/v2\/types\/post"}],"author":[{"embeddable":true,"href":"https:\/\/betravel.net\/es\/wp-json\/wp\/v2\/users\/1"}],"replies":[{"embeddable":true,"href":"https:\/\/betravel.net\/es\/wp-json\/wp\/v2\/comments?post=8984"}],"version-history":[{"count":0,"href":"https:\/\/betravel.net\/es\/wp-json\/wp\/v2\/posts\/8984\/revisions"}],"wp:featuredmedia":[{"embeddable":true,"href":"https:\/\/betravel.net\/es\/wp-json\/wp\/v2\/media\/9210"}],"wp:attachment":[{"href":"https:\/\/betravel.net\/es\/wp-json\/wp\/v2\/media?parent=8984"}],"wp:term":[{"taxonomy":"category","embeddable":true,"href":"https:\/\/betravel.net\/es\/wp-json\/wp\/v2\/categories?post=8984"},{"taxonomy":"post_tag","embeddable":true,"href":"https:\/\/betravel.net\/es\/wp-json\/wp\/v2\/tags?post=8984"}],"curies":[{"name":"wp","href":"https:\/\/api.w.org\/{rel}","templated":true}]}}