{"id":6360,"date":"2017-05-02T15:37:44","date_gmt":"2017-05-02T13:37:44","guid":{"rendered":"https:\/\/www.betravel.net\/?p=6360\/"},"modified":"2017-05-02T15:37:44","modified_gmt":"2017-05-02T13:37:44","slug":"aniversari-betravel","status":"publish","type":"post","link":"https:\/\/betravel.net\/es\/2017\/05\/02\/aniversari-betravel\/","title":{"rendered":"Estem de celebraci\u00f3, hem fet 15 anys!"},"content":{"rendered":"<h1>Tenim 15 anys&#x1f382;1&#x20e3; 5&#x20e3; &#x1f389;!<\/h1>\n<p style=\"text-align: left;\">Estem de celebraci\u00f3!\u00a0&#x1f382;\u00a0<a href=\"http:\/\/www.betravel.net\">Betravel<\/a>, (dedicada als <strong>viatges empresarials<\/strong>, incentius i tot el necessari per al teu negoci) compleix <span style=\"color: #0000ff;\"><strong>15 anys<\/strong><\/span> i ho hem celebrar d&#8217;una manera molt especial!<\/p>\n<p style=\"text-align: left;\">Betravel i Beatgers hem organitzat un <strong>esdeveniment<\/strong> per celebrar la <strong>traject\u00f2ria de Betravel<\/strong> durant aquests <strong>15 anys<\/strong>,<strong>\u00a0l&#8217;equip<\/strong> que ho fa possible\u00a0i <strong>el cat\u00e0leg de viatges de Beatgers<\/strong>\u00a0amb un <strong><em>coffee break<\/em><\/strong>\u00a0&#x2615; per continuar parlant de les aventures que ens esperen alhora que omplim les panxes i oblidem la dieta.<\/p>\n<ul>\n<li><strong>Argentina<\/strong>, amb sortida el 23 d&#8217;octubre de 2017.<\/li>\n<\/ul>\n<ul>\n<li><strong>Guatemala<\/strong>, el nou programa de Turisme de Recolzament que duu a terme Beatgers amb <strong>SHARE Guatemala<\/strong>, una entitat no lucrativa amb m\u00e9s de 29 anys d&#8217;experi\u00e8ncia.<\/li>\n<\/ul>\n<ul>\n<li><strong>\u00c8xit Total<\/strong>, viatges amb <strong>itineraris exclusius<\/strong> per a la <strong>tercera edat <\/strong>amb sortida flexible i\u00a0de la m\u00e0 del guia tur\u00edstic professional Llu\u00eds Benages.<\/li>\n<\/ul>\n<p style=\"text-align: left;\">Amb la <strong>col\u00b7laboraci\u00f3 especial<\/strong> d&#8217;alguns dels nostres <strong><em>partners<\/em><\/strong>, els quals podran resoldre qualsevol mena de dubte que tingueu sobre els seus productes.<\/p>\n<p style=\"text-align: left;\">Explicar el <strong>m\u00f3n digital i les xarxes socials<\/strong> de <a href=\"https:\/\/www.facebook.com\/BeTravel-480179992118282\/?fref=ts\" target=\"_blank\" rel=\"noopener\">Betravel<\/a> i <a href=\"https:\/\/www.facebook.com\/beatgersesp\/?fref=ts\" target=\"_blank\" rel=\"noopener\">Beatgers<\/a>, el <strong>Concurs de Fotografia d&#8217;enguany<\/strong> i, al final de l&#8217;acte, gaudir dels <strong>11 premis que se sortejaven<\/strong> en directe.<\/p>\n<p>&nbsp;<\/p>\n<p>Un cop finalitzada la presentaci\u00f3, vam donar pas al <strong>pica-pica<\/strong> per acabar d&#8217;arrodonir la nit.<\/p>\n<p>Si voleu veure\u00a0l&#8217;<strong>\u00e0lbum de fotografies<\/strong>\u00a0de l&#8217;aniversari, entreu a la p\u00e0gina de <a href=\"https:\/\/www.facebook.com\/pg\/BeTravel-480179992118282\/photos\/?tab=album&amp;album_id=1214636815339259\" target=\"_blank\" rel=\"noopener\">Facebook de Betravel<\/a>\u00a0&#x1f4f7;<\/p>\n<p>&nbsp;<\/p>\n","protected":false},"excerpt":{"rendered":"<p>Tenim 15 anys&#x1f382;1&#x20e3; 5&#x20e3; &#x1f389;! Estem de celebraci\u00f3!\u00a0&#x1f382;\u00a0Betravel, (dedicada als viatges empresarials, incentius i tot el necessari per al teu negoci) compleix 15 anys i ho hem celebrar d&#8217;una manera molt especial! Betravel i Beatgers hem organitzat un esdeveniment per celebrar la traject\u00f2ria de Betravel durant aquests 15 anys,\u00a0l&#8217;equip que ho fa possible\u00a0i el cat\u00e0leg [&hellip;]<\/p>\n","protected":false},"author":1,"featured_media":9301,"comment_status":"closed","ping_status":"open","sticky":false,"template":"","format":"standard","meta":{"inline_featured_image":false,"footnotes":""},"categories":[24],"tags":[20,21,22,23],"class_list":["post-6360","post","type-post","status-publish","format-standard","has-post-thumbnail","hentry","category-noticies","tag-aniversari","tag-beatgers","tag-betravel","tag-concurs-de-fotografia"],"acf":[],"_links":{"self":[{"href":"https:\/\/betravel.net\/es\/wp-json\/wp\/v2\/posts\/6360","targetHints":{"allow":["GET"]}}],"collection":[{"href":"https:\/\/betravel.net\/es\/wp-json\/wp\/v2\/posts"}],"about":[{"href":"https:\/\/betravel.net\/es\/wp-json\/wp\/v2\/types\/post"}],"author":[{"embeddable":true,"href":"https:\/\/betravel.net\/es\/wp-json\/wp\/v2\/users\/1"}],"replies":[{"embeddable":true,"href":"https:\/\/betravel.net\/es\/wp-json\/wp\/v2\/comments?post=6360"}],"version-history":[{"count":0,"href":"https:\/\/betravel.net\/es\/wp-json\/wp\/v2\/posts\/6360\/revisions"}],"wp:featuredmedia":[{"embeddable":true,"href":"https:\/\/betravel.net\/es\/wp-json\/wp\/v2\/media\/9301"}],"wp:attachment":[{"href":"https:\/\/betravel.net\/es\/wp-json\/wp\/v2\/media?parent=6360"}],"wp:term":[{"taxonomy":"category","embeddable":true,"href":"https:\/\/betravel.net\/es\/wp-json\/wp\/v2\/categories?post=6360"},{"taxonomy":"post_tag","embeddable":true,"href":"https:\/\/betravel.net\/es\/wp-json\/wp\/v2\/tags?post=6360"}],"curies":[{"name":"wp","href":"https:\/\/api.w.org\/{rel}","templated":true}]}}