{"id":17298,"date":"2025-04-25T14:31:03","date_gmt":"2025-04-25T14:31:03","guid":{"rendered":"https:\/\/betravel.net\/?p=17298"},"modified":"2025-04-25T14:33:21","modified_gmt":"2025-04-25T14:33:21","slug":"auschwitz-birkenau-una-visita-que-hauria-de-ser-obligada-per-a-les-noves-generacions","status":"publish","type":"post","link":"https:\/\/betravel.net\/es\/2025\/04\/25\/auschwitz-birkenau-una-visita-que-hauria-de-ser-obligada-per-a-les-noves-generacions\/","title":{"rendered":"Auschwitz-Birkenau: una visita que hauria de ser obligada per a les noves generacions"},"content":{"rendered":"\t\t<div data-elementor-type=\"wp-post\" data-elementor-id=\"17298\" class=\"elementor elementor-17298\" data-elementor-post-type=\"post\">\n\t\t\t\t\t\t<section class=\"elementor-section elementor-top-section elementor-element elementor-element-52666c8 elementor-section-boxed elementor-section-height-default elementor-section-height-default\" data-id=\"52666c8\" data-element_type=\"section\">\n\t\t\t\t\t\t<div class=\"elementor-container elementor-column-gap-default\">\n\t\t\t\t\t<div class=\"elementor-column elementor-col-100 elementor-top-column elementor-element elementor-element-6ca0a20\" data-id=\"6ca0a20\" data-element_type=\"column\">\n\t\t\t<div class=\"elementor-widget-wrap elementor-element-populated\">\n\t\t\t\t\t\t<div class=\"elementor-element elementor-element-35ec0bf elementor-widget elementor-widget-text-editor\" data-id=\"35ec0bf\" data-element_type=\"widget\" data-widget_type=\"text-editor.default\">\n\t\t\t\t<div class=\"elementor-widget-container\">\n\t\t\t\t\t\t\t\t\t<p>Hi ha llocs que no s&#8217;obliden. No perqu\u00e8 siguin bells, ni perqu\u00e8 hi h\u00e0gim viscut moments feli\u00e7os, sin\u00f3 perqu\u00e8 remouen l&#8217;\u00e0nima i deixen una empremta profunda.\u00a0<\/p><p>Aix\u00ed \u00e9s Auschwitz-Birkenau. Visitar aquest antic camp de concentraci\u00f3 i extermini nazi, situat a pocs quil\u00f2metres de Crac\u00f2via, \u00e9s enfrontar-se cara a cara amb\u00a0 una de les etapes m\u00e9s fosques de la hist\u00f2ria de la humanitat.<\/p><p>Quan hi arribes, el silenci ho diu tot. El fam\u00f3s r\u00e8tol \u201cArbeit macht frei\u201d (\u201cEl treball us far\u00e0 lliures\u201d) que presideix l&#8217;entrada d\u2019Auschwitz I ja et colpeja amb una ironia cruel. A mesura que avancen els passos, els barracons, les fotos, els objectes personals de les v\u00edctimes, sabates, ulleres, maletes amb noms esborrats\u00a0pel temps et parlen d\u2019un horror sistem\u00e0tic i planificat. I tot plegat, documentat amb una precisi\u00f3 que fa esgarrifar.<\/p><p>Per\u00f2 \u00e9s quan arribes a Birkenau, l\u2019extensi\u00f3 del camp, que realment t&#8217;adones de l&#8217;escala industrial del genocidi. La fredor dels rails que portaven milers de\u00a0persones a una mort segura, els forns crematoris, avui en ru\u00efnes, i les torres de vigil\u00e0ncia fan impossible ignorar el patiment que s\u2019hi va viure. \u00c9s dif\u00edcil mantenir\u00a0la mirada, per\u00f2 encara m\u00e9s dif\u00edcil \u00e9s oblidar-la despr\u00e9s.<\/p>\t\t\t\t\t\t\t\t<\/div>\n\t\t\t\t<\/div>\n\t\t\t\t\t<\/div>\n\t\t<\/div>\n\t\t\t\t\t<\/div>\n\t\t<\/section>\n\t\t\t\t<section class=\"elementor-section elementor-top-section elementor-element elementor-element-629aaef elementor-section-boxed elementor-section-height-default elementor-section-height-default\" data-id=\"629aaef\" data-element_type=\"section\">\n\t\t\t\t\t\t<div class=\"elementor-container elementor-column-gap-default\">\n\t\t\t\t\t<div class=\"elementor-column elementor-col-100 elementor-top-column elementor-element elementor-element-44d45c2\" data-id=\"44d45c2\" data-element_type=\"column\">\n\t\t\t<div class=\"elementor-widget-wrap elementor-element-populated\">\n\t\t\t\t\t\t<div class=\"elementor-element elementor-element-074d7e5 elementor-widget elementor-widget-image\" data-id=\"074d7e5\" data-element_type=\"widget\" data-widget_type=\"image.default\">\n\t\t\t\t<div class=\"elementor-widget-container\">\n\t\t\t\t\t\t\t\t\t\t\t\t\t\t\t<img fetchpriority=\"high\" decoding=\"async\" width=\"800\" height=\"475\" src=\"https:\/\/betravel.net\/wp-content\/uploads\/2025\/04\/Captura-de-pantalla-2025-04-25-a-las-16.22.20-1.png\" class=\"attachment-large size-large wp-image-17313\" alt=\"\" srcset=\"https:\/\/betravel.net\/wp-content\/uploads\/2025\/04\/Captura-de-pantalla-2025-04-25-a-las-16.22.20-1.png 907w, https:\/\/betravel.net\/wp-content\/uploads\/2025\/04\/Captura-de-pantalla-2025-04-25-a-las-16.22.20-1-300x178.png 300w, https:\/\/betravel.net\/wp-content\/uploads\/2025\/04\/Captura-de-pantalla-2025-04-25-a-las-16.22.20-1-768x456.png 768w\" sizes=\"(max-width: 800px) 100vw, 800px\" \/>\t\t\t\t\t\t\t\t\t\t\t\t\t\t\t<\/div>\n\t\t\t\t<\/div>\n\t\t\t\t<div class=\"elementor-element elementor-element-1a75492 elementor-widget elementor-widget-image\" data-id=\"1a75492\" data-element_type=\"widget\" data-widget_type=\"image.default\">\n\t\t\t\t<div class=\"elementor-widget-container\">\n\t\t\t\t\t\t\t\t\t\t\t\t\t\t\t<img decoding=\"async\" width=\"800\" height=\"501\" src=\"https:\/\/betravel.net\/wp-content\/uploads\/2025\/04\/Captura-de-pantalla-2025-04-25-a-las-16.22.31-1.png\" class=\"attachment-large size-large wp-image-17315\" alt=\"\" srcset=\"https:\/\/betravel.net\/wp-content\/uploads\/2025\/04\/Captura-de-pantalla-2025-04-25-a-las-16.22.31-1.png 805w, https:\/\/betravel.net\/wp-content\/uploads\/2025\/04\/Captura-de-pantalla-2025-04-25-a-las-16.22.31-1-300x188.png 300w, https:\/\/betravel.net\/wp-content\/uploads\/2025\/04\/Captura-de-pantalla-2025-04-25-a-las-16.22.31-1-768x481.png 768w\" sizes=\"(max-width: 800px) 100vw, 800px\" \/>\t\t\t\t\t\t\t\t\t\t\t\t\t\t\t<\/div>\n\t\t\t\t<\/div>\n\t\t\t\t\t<\/div>\n\t\t<\/div>\n\t\t\t\t\t<\/div>\n\t\t<\/section>\n\t\t\t\t<section class=\"elementor-section elementor-top-section elementor-element elementor-element-e209ee2 elementor-section-boxed elementor-section-height-default elementor-section-height-default\" data-id=\"e209ee2\" data-element_type=\"section\">\n\t\t\t\t\t\t<div class=\"elementor-container elementor-column-gap-default\">\n\t\t\t\t\t<div class=\"elementor-column elementor-col-100 elementor-top-column elementor-element elementor-element-317b57e\" data-id=\"317b57e\" data-element_type=\"column\">\n\t\t\t<div class=\"elementor-widget-wrap elementor-element-populated\">\n\t\t\t\t\t\t<div class=\"elementor-element elementor-element-2fa4590 elementor-widget elementor-widget-heading\" data-id=\"2fa4590\" data-element_type=\"widget\" data-widget_type=\"heading.default\">\n\t\t\t\t<div class=\"elementor-widget-container\">\n\t\t\t\t\t<h2 class=\"elementor-heading-title elementor-size-default\"><b style=\"caret-color: rgb(33, 33, 33); color: rgb(33, 33, 33); font-family: Aptos, sans-serif; font-size: 16px; white-space-collapse: collapse;\">Per qu\u00e8 haurien d\u2019anar-hi els joves?<\/b><\/h2>\t\t\t\t<\/div>\n\t\t\t\t<\/div>\n\t\t\t\t\t<\/div>\n\t\t<\/div>\n\t\t\t\t\t<\/div>\n\t\t<\/section>\n\t\t\t\t<section class=\"elementor-section elementor-top-section elementor-element elementor-element-73e7998 elementor-section-boxed elementor-section-height-default elementor-section-height-default\" data-id=\"73e7998\" data-element_type=\"section\">\n\t\t\t\t\t\t<div class=\"elementor-container elementor-column-gap-default\">\n\t\t\t\t\t<div class=\"elementor-column elementor-col-100 elementor-top-column elementor-element elementor-element-0c82b2a\" data-id=\"0c82b2a\" data-element_type=\"column\">\n\t\t\t<div class=\"elementor-widget-wrap elementor-element-populated\">\n\t\t\t\t\t\t<div class=\"elementor-element elementor-element-45dc707 elementor-widget elementor-widget-text-editor\" data-id=\"45dc707\" data-element_type=\"widget\" data-widget_type=\"text-editor.default\">\n\t\t\t\t<div class=\"elementor-widget-container\">\n\t\t\t\t\t\t\t\t\t<p>En un m\u00f3n on el temps i les xarxes socials banalitzen sovint la informaci\u00f3, on el relat hist\u00f2ric pot ser manipulat i on, fins i tot, alguns neguen l\u2019Holocaust,\u00a0la viv\u00e8ncia directa pren un valor incalculable. Veure-ho amb els propis ulls, trepitjar aquell terra, respirar aquell silenci, fa que la hist\u00f2ria deixi de ser un\u00a0par\u00e0graf d\u2019un llibre per convertir-se en una experi\u00e8ncia viscuda, personal i, sobretot, transformadora.<\/p><p>Els joves han de saber qu\u00e8 va passar. Per\u00f2 no nom\u00e9s des del coneixement, sin\u00f3 tamb\u00e9 des de l\u2019empatia i la consci\u00e8ncia cr\u00edtica. Entendre on pot portar\u00a0 l\u2019odi, el racisme i la deshumanitzaci\u00f3 sistem\u00e0tica. Com va ser possible que una societat culta com l\u2019alemanya permet\u00e9s tal barb\u00e0rie. I com el silenci o\u00a0 la indifer\u00e8ncia poden convertir-nos en c\u00f2mplices.<\/p><p>Visitar Auschwitz-Birkenau no \u00e9s nom\u00e9s una lli\u00e7\u00f3 d\u2019hist\u00f2ria; \u00e9s una lli\u00e7\u00f3 d\u2019humanitat. \u00c9s una manera de construir una mem\u00f2ria col\u00b7lectiva que ens\u00a0protegeixi de repetir errors. I aix\u00f2, avui m\u00e9s que mai, \u00e9s imprescindible.<\/p><p>Una experi\u00e8ncia colpidora per\u00f2 necess\u00e0ria.<\/p><p>\u00c9s cert: la visita \u00e9s dura. Et deixa buit. Et fa q\u00fcestionar moltes coses. Per\u00f2 tamb\u00e9 desperta un comprom\u00eds. No nom\u00e9s amb la mem\u00f2ria de les v\u00edctimes,\u00a0sin\u00f3 amb el futur. Amb el m\u00f3n que volem construir. I aqu\u00ed \u00e9s on els joves tenen un paper fonamental. S\u00f3n ells els que, coneixent aquesta veritat inc\u00f2moda,\u00a0poden fer de pont cap a una societat m\u00e9s justa, m\u00e9s lliure i m\u00e9s respectuosa.<\/p><p>No podem canviar el passat, per\u00f2 podem fer que no caigui en l\u2019oblit. Auschwitz-Birkenau no \u00e9s nom\u00e9s un museu del terror, \u00e9s un crit que ens interpel\u00b7la a tots.\u00a0<\/p><p>I \u00e9s responsabilitat nostra escoltar-lo i fer-lo escoltar.<\/p>\t\t\t\t\t\t\t\t<\/div>\n\t\t\t\t<\/div>\n\t\t\t\t\t<\/div>\n\t\t<\/div>\n\t\t\t\t\t<\/div>\n\t\t<\/section>\n\t\t\t\t<section class=\"elementor-section elementor-top-section elementor-element elementor-element-b321de5 elementor-section-boxed elementor-section-height-default elementor-section-height-default\" data-id=\"b321de5\" data-element_type=\"section\">\n\t\t\t\t\t\t<div class=\"elementor-container elementor-column-gap-default\">\n\t\t\t\t\t<div class=\"elementor-column elementor-col-100 elementor-top-column elementor-element elementor-element-95c6584\" data-id=\"95c6584\" data-element_type=\"column\">\n\t\t\t<div class=\"elementor-widget-wrap elementor-element-populated\">\n\t\t\t\t\t\t<div class=\"elementor-element elementor-element-bc0be49 elementor-widget elementor-widget-image\" data-id=\"bc0be49\" data-element_type=\"widget\" data-widget_type=\"image.default\">\n\t\t\t\t<div class=\"elementor-widget-container\">\n\t\t\t\t\t\t\t\t\t\t\t\t\t\t\t<img decoding=\"async\" width=\"800\" height=\"442\" src=\"https:\/\/betravel.net\/wp-content\/uploads\/2025\/04\/Captura-de-pantalla-2025-04-25-a-las-16.32.52-1024x566.png\" class=\"attachment-large size-large wp-image-17317\" alt=\"\" srcset=\"https:\/\/betravel.net\/wp-content\/uploads\/2025\/04\/Captura-de-pantalla-2025-04-25-a-las-16.32.52-1024x566.png 1024w, https:\/\/betravel.net\/wp-content\/uploads\/2025\/04\/Captura-de-pantalla-2025-04-25-a-las-16.32.52-300x166.png 300w, https:\/\/betravel.net\/wp-content\/uploads\/2025\/04\/Captura-de-pantalla-2025-04-25-a-las-16.32.52-768x425.png 768w, https:\/\/betravel.net\/wp-content\/uploads\/2025\/04\/Captura-de-pantalla-2025-04-25-a-las-16.32.52.png 1320w\" sizes=\"(max-width: 800px) 100vw, 800px\" \/>\t\t\t\t\t\t\t\t\t\t\t\t\t\t\t<\/div>\n\t\t\t\t<\/div>\n\t\t\t\t\t<\/div>\n\t\t<\/div>\n\t\t\t\t\t<\/div>\n\t\t<\/section>\n\t\t\t\t<\/div>\n\t\t","protected":false},"excerpt":{"rendered":"<p>Hi ha llocs que no s&#8217;obliden. No perqu\u00e8 siguin bells, ni perqu\u00e8 hi h\u00e0gim viscut moments feli\u00e7os, sin\u00f3 perqu\u00e8 remouen l&#8217;\u00e0nima i deixen una empremta profunda.\u00a0 Aix\u00ed \u00e9s Auschwitz-Birkenau. Visitar aquest antic camp de concentraci\u00f3 i extermini nazi, situat a pocs quil\u00f2metres de Crac\u00f2via, \u00e9s enfrontar-se cara a cara amb\u00a0 una de les etapes m\u00e9s [&hellip;]<\/p>\n","protected":false},"author":2,"featured_media":17307,"comment_status":"open","ping_status":"open","sticky":false,"template":"","format":"standard","meta":{"inline_featured_image":false,"footnotes":""},"categories":[1],"tags":[],"class_list":["post-17298","post","type-post","status-publish","format-standard","has-post-thumbnail","hentry","category-sin-categorizar"],"acf":[],"_links":{"self":[{"href":"https:\/\/betravel.net\/es\/wp-json\/wp\/v2\/posts\/17298","targetHints":{"allow":["GET"]}}],"collection":[{"href":"https:\/\/betravel.net\/es\/wp-json\/wp\/v2\/posts"}],"about":[{"href":"https:\/\/betravel.net\/es\/wp-json\/wp\/v2\/types\/post"}],"author":[{"embeddable":true,"href":"https:\/\/betravel.net\/es\/wp-json\/wp\/v2\/users\/2"}],"replies":[{"embeddable":true,"href":"https:\/\/betravel.net\/es\/wp-json\/wp\/v2\/comments?post=17298"}],"version-history":[{"count":3,"href":"https:\/\/betravel.net\/es\/wp-json\/wp\/v2\/posts\/17298\/revisions"}],"predecessor-version":[{"id":17321,"href":"https:\/\/betravel.net\/es\/wp-json\/wp\/v2\/posts\/17298\/revisions\/17321"}],"wp:featuredmedia":[{"embeddable":true,"href":"https:\/\/betravel.net\/es\/wp-json\/wp\/v2\/media\/17307"}],"wp:attachment":[{"href":"https:\/\/betravel.net\/es\/wp-json\/wp\/v2\/media?parent=17298"}],"wp:term":[{"taxonomy":"category","embeddable":true,"href":"https:\/\/betravel.net\/es\/wp-json\/wp\/v2\/categories?post=17298"},{"taxonomy":"post_tag","embeddable":true,"href":"https:\/\/betravel.net\/es\/wp-json\/wp\/v2\/tags?post=17298"}],"curies":[{"name":"wp","href":"https:\/\/api.w.org\/{rel}","templated":true}]}}