{"id":15375,"date":"2022-09-22T17:03:38","date_gmt":"2022-09-22T17:03:38","guid":{"rendered":"https:\/\/betravelweb.elmerkat.com\/2021\/09\/22\/cami-de-santiago\/"},"modified":"2023-02-14T17:26:51","modified_gmt":"2023-02-14T17:26:51","slug":"cami-de-santiago","status":"publish","type":"post","link":"https:\/\/betravel.net\/es\/2022\/09\/22\/cami-de-santiago\/","title":{"rendered":"Camino de Santiago"},"content":{"rendered":"\t\t<div data-elementor-type=\"wp-post\" data-elementor-id=\"15375\" class=\"elementor elementor-15375 elementor-13506\" data-elementor-post-type=\"post\">\n\t\t\t\t\t\t<section class=\"elementor-section elementor-top-section elementor-element elementor-element-707c8700 elementor-section-boxed elementor-section-height-default elementor-section-height-default\" data-id=\"707c8700\" data-element_type=\"section\">\n\t\t\t\t\t\t<div class=\"elementor-container elementor-column-gap-default\">\n\t\t\t\t\t<div class=\"elementor-column elementor-col-100 elementor-top-column elementor-element elementor-element-3f25344c\" data-id=\"3f25344c\" data-element_type=\"column\">\n\t\t\t<div class=\"elementor-widget-wrap elementor-element-populated\">\n\t\t\t\t\t\t<div class=\"elementor-element elementor-element-38d4298 elementor-widget elementor-widget-heading\" data-id=\"38d4298\" data-element_type=\"widget\" data-widget_type=\"heading.default\">\n\t\t\t\t<div class=\"elementor-widget-container\">\n\t\t\t\t\t<h2 class=\"elementor-heading-title elementor-size-default\">Ruta en 5dies: <strong>Sarria - Portomar\u00edn - Palas de Rei - Arz\u00faa - Santiago (117 km)<\/strong><\/h2>\t\t\t\t<\/div>\n\t\t\t\t<\/div>\n\t\t\t\t<div class=\"elementor-element elementor-element-caa9e65 elementor-widget elementor-widget-text-editor\" data-id=\"caa9e65\" data-element_type=\"widget\" data-widget_type=\"text-editor.default\">\n\t\t\t\t<div class=\"elementor-widget-container\">\n\t\t\t\t\t\t\t\t\t<p>La ruta que vam escollir \u00e9s la m\u00e9s curta i la m\u00e9s f\u00e0cil de fer. Vol\u00edem anar tranquil\u00b7les i gaudir del cam\u00ed i la gastronomia. A continuaci\u00f3 et donar\u00e9 alguns consells i comentar\u00e9 la meva experi\u00e8ncia per etapes. Tamb\u00e9 podr\u00e0s trobar els noms i preus dels albergs, i els km i detalls de cada tram.<\/p><p><em>Important: El meu consell \u00e9s fer-ho a poc a poc i no estressar-te. Recordar tamb\u00e9 trucar abans de les 12h per confirmar que arribar\u00e0s a l\u2019alberg. Si no et cancel\u00b7laran la reserva. Aconsellem a l\u2019estiu reservar amb antelaci\u00f3 i no temptar a la sort, ja que \u00e9s l&#8217;\u00e8poca amb m\u00e9s alta ocupaci\u00f3.<\/em><\/p>\t\t\t\t\t\t\t\t<\/div>\n\t\t\t\t<\/div>\n\t\t\t\t<section class=\"elementor-section elementor-inner-section elementor-element elementor-element-f80c3ed elementor-section-boxed elementor-section-height-default elementor-section-height-default\" data-id=\"f80c3ed\" data-element_type=\"section\">\n\t\t\t\t\t\t<div class=\"elementor-container elementor-column-gap-default\">\n\t\t\t\t\t<div class=\"elementor-column elementor-col-50 elementor-inner-column elementor-element elementor-element-4db3892\" data-id=\"4db3892\" data-element_type=\"column\">\n\t\t\t<div class=\"elementor-widget-wrap elementor-element-populated\">\n\t\t\t\t\t\t<div class=\"elementor-element elementor-element-b494e01 elementor-widget elementor-widget-image\" data-id=\"b494e01\" data-element_type=\"widget\" data-widget_type=\"image.default\">\n\t\t\t\t<div class=\"elementor-widget-container\">\n\t\t\t\t\t\t\t\t\t\t\t\t\t\t\t<img fetchpriority=\"high\" decoding=\"async\" width=\"768\" height=\"1024\" src=\"https:\/\/betravel.net\/wp-content\/uploads\/2021\/09\/IMG_2630-768x1024.png\" class=\"attachment-large size-large wp-image-13512\" alt=\"\" srcset=\"https:\/\/betravel.net\/wp-content\/uploads\/2021\/09\/IMG_2630-768x1024.png 768w, https:\/\/betravel.net\/wp-content\/uploads\/2021\/09\/IMG_2630-225x300.png 225w, https:\/\/betravel.net\/wp-content\/uploads\/2021\/09\/IMG_2630-1152x1536.png 1152w, https:\/\/betravel.net\/wp-content\/uploads\/2021\/09\/IMG_2630-1536x2048.png 1536w\" sizes=\"(max-width: 768px) 100vw, 768px\" \/>\t\t\t\t\t\t\t\t\t\t\t\t\t\t\t<\/div>\n\t\t\t\t<\/div>\n\t\t\t\t<div class=\"elementor-element elementor-element-2cc7485 elementor-widget elementor-widget-heading\" data-id=\"2cc7485\" data-element_type=\"widget\" data-widget_type=\"heading.default\">\n\t\t\t\t<div class=\"elementor-widget-container\">\n\t\t\t\t\t<h3 class=\"elementor-heading-title elementor-size-default\">Dia 1: <strong>Barcelona - Serria<\/strong><\/h3>\t\t\t\t<\/div>\n\t\t\t\t<\/div>\n\t\t\t\t<div class=\"elementor-element elementor-element-1304258 elementor-widget elementor-widget-text-editor\" data-id=\"1304258\" data-element_type=\"widget\" data-widget_type=\"text-editor.default\">\n\t\t\t\t<div class=\"elementor-widget-container\">\n\t\t\t\t\t\t\t\t\t<p><strong>Vol<\/strong>: 114\u20ac<br \/><strong>Bus<\/strong>: 10\u20ac.<\/p><p>Vam sortir el 4 de juliol cap a Santiago al mat\u00ed per poder aprofitar el dia. Un cop vam arribar, vam agafar un bus de Santiago a Serria, on comen\u00e7ar\u00edem la nostra ruta. S\u00f3n unes 2 hores i ens va sortir per uns 10\u202f\u20ac. Quan vam arribar, vam fer una volteta pel poble, vam sopar i a dormir d&#8217;hora, per agafar forces.<\/p><p>Una de les coses m\u00e9s maques del cam\u00ed s\u00f3n les persones a qui coneixes a l\u2019alberg entre etapa i etapa. El primer dia \u00e9s important, perqu\u00e8 \u00e9s quan tens el primer contacte amb la gent que comen\u00e7ar\u00e0 amb tu una ruta similar a la teva. Sempre \u00e9s m\u00e9s divertit compartir l\u2019experi\u00e8ncia amb m\u00e9s gent.:)<\/p>\t\t\t\t\t\t\t\t<\/div>\n\t\t\t\t<\/div>\n\t\t\t\t\t<\/div>\n\t\t<\/div>\n\t\t\t\t<div class=\"elementor-column elementor-col-50 elementor-inner-column elementor-element elementor-element-7590ddc\" data-id=\"7590ddc\" data-element_type=\"column\">\n\t\t\t<div class=\"elementor-widget-wrap elementor-element-populated\">\n\t\t\t\t\t\t<div class=\"elementor-element elementor-element-0dd3614 elementor-widget elementor-widget-image\" data-id=\"0dd3614\" data-element_type=\"widget\" data-widget_type=\"image.default\">\n\t\t\t\t<div class=\"elementor-widget-container\">\n\t\t\t\t\t\t\t\t\t\t\t\t\t\t\t<img decoding=\"async\" width=\"370\" height=\"260\" src=\"https:\/\/betravel.net\/wp-content\/uploads\/2021\/09\/IMG_2618-1-370x2601-1.jpg\" class=\"attachment-large size-large wp-image-13565\" alt=\"\" srcset=\"https:\/\/betravel.net\/wp-content\/uploads\/2021\/09\/IMG_2618-1-370x2601-1.jpg 370w, https:\/\/betravel.net\/wp-content\/uploads\/2021\/09\/IMG_2618-1-370x2601-1-300x211.jpg 300w\" sizes=\"(max-width: 370px) 100vw, 370px\" \/>\t\t\t\t\t\t\t\t\t\t\t\t\t\t\t<\/div>\n\t\t\t\t<\/div>\n\t\t\t\t<div class=\"elementor-element elementor-element-c107597 elementor-widget elementor-widget-heading\" data-id=\"c107597\" data-element_type=\"widget\" data-widget_type=\"heading.default\">\n\t\t\t\t<div class=\"elementor-widget-container\">\n\t\t\t\t\t<h3 class=\"elementor-heading-title elementor-size-default\">Dia 2: <strong>Sarria \u2013 Portomar\u00edn<\/strong><\/h3>\t\t\t\t<\/div>\n\t\t\t\t<\/div>\n\t\t\t\t<div class=\"elementor-element elementor-element-96b3e0b elementor-widget elementor-widget-text-editor\" data-id=\"96b3e0b\" data-element_type=\"widget\" data-widget_type=\"text-editor.default\">\n\t\t\t\t<div class=\"elementor-widget-container\">\n\t\t\t\t\t\t\t\t\t<p><strong>Dist\u00e0ncia<\/strong>: 22 km<br \/><strong>Durada estimada<\/strong>: 4h 40min<br \/><strong>Allotjament<\/strong>: Albergue Obradoiro \u2013 9 \u20ac<br \/><br \/><strong>Comen\u00e7a el cam\u00ed!<\/strong><br \/>A trav\u00e9s de rouredes i prats, ens vam endinsar en el municipi de Paradela i despr\u00e9s vam descendir cap a la Ribera del Mi\u00f1o. Quan veus la \u201cliberty bell\u201d i \u201cl\u2019estrella dos desixo\u201d, ja saps que has arribat i nom\u00e9s et queda creuar el pont que condueix a la localitat de Portomar\u00edn. \u00c9s el dia que m\u00e9s ens va agradar el paisatge, ja que tot s\u00f3n boscos verds i camps.<br \/><br \/>Despr\u00e9s de descansar els peus una estona, vam anar a donar una volta pel poble i vam aprofitar per fer una cervesa amb la gent que vam con\u00e8ixer aquell primer dia. El poble \u00e9s petitet per\u00f2 molt maco.<br \/><br \/>En el primer alberg pots comprar la cartilla a on et posaran el segell amb la data. Durant el cam\u00ed, a qualsevol esgl\u00e9sia, bar o alberg et posaran el segell. Recorda que si no tens dos al dia com a m\u00ednim no et donaran la Compostela.<\/p>\t\t\t\t\t\t\t\t<\/div>\n\t\t\t\t<\/div>\n\t\t\t\t\t<\/div>\n\t\t<\/div>\n\t\t\t\t\t<\/div>\n\t\t<\/section>\n\t\t\t\t<section class=\"elementor-section elementor-inner-section elementor-element elementor-element-4c55f4e elementor-section-boxed elementor-section-height-default elementor-section-height-default\" data-id=\"4c55f4e\" data-element_type=\"section\">\n\t\t\t\t\t\t<div class=\"elementor-container elementor-column-gap-default\">\n\t\t\t\t\t<div class=\"elementor-column elementor-col-50 elementor-inner-column elementor-element elementor-element-e99af03\" data-id=\"e99af03\" data-element_type=\"column\">\n\t\t\t<div class=\"elementor-widget-wrap elementor-element-populated\">\n\t\t\t\t\t\t<div class=\"elementor-element elementor-element-ac15be1 elementor-widget elementor-widget-image\" data-id=\"ac15be1\" data-element_type=\"widget\" data-widget_type=\"image.default\">\n\t\t\t\t<div class=\"elementor-widget-container\">\n\t\t\t\t\t\t\t\t\t\t\t\t\t\t\t<img decoding=\"async\" width=\"768\" height=\"1024\" src=\"https:\/\/betravel.net\/wp-content\/uploads\/2021\/09\/IMG_2808-768x1024.png\" class=\"attachment-large size-large wp-image-13518\" alt=\"\" srcset=\"https:\/\/betravel.net\/wp-content\/uploads\/2021\/09\/IMG_2808-768x1024.png 768w, https:\/\/betravel.net\/wp-content\/uploads\/2021\/09\/IMG_2808-225x300.png 225w, https:\/\/betravel.net\/wp-content\/uploads\/2021\/09\/IMG_2808-1152x1536.png 1152w, https:\/\/betravel.net\/wp-content\/uploads\/2021\/09\/IMG_2808-1536x2048.png 1536w\" sizes=\"(max-width: 768px) 100vw, 768px\" \/>\t\t\t\t\t\t\t\t\t\t\t\t\t\t\t<\/div>\n\t\t\t\t<\/div>\n\t\t\t\t<div class=\"elementor-element elementor-element-67208c4 elementor-widget elementor-widget-heading\" data-id=\"67208c4\" data-element_type=\"widget\" data-widget_type=\"heading.default\">\n\t\t\t\t<div class=\"elementor-widget-container\">\n\t\t\t\t\t<h3 class=\"elementor-heading-title elementor-size-default\">Dia 3: <strong>Portomar\u00edn - Palas de Rei<\/strong>\n<\/h3>\t\t\t\t<\/div>\n\t\t\t\t<\/div>\n\t\t\t\t<div class=\"elementor-element elementor-element-1eaafba elementor-widget elementor-widget-text-editor\" data-id=\"1eaafba\" data-element_type=\"widget\" data-widget_type=\"text-editor.default\">\n\t\t\t\t<div class=\"elementor-widget-container\">\n\t\t\t\t\t\t\t\t\t<p><span style=\"font-weight: bolder;\">Dist\u00e0ncia:<\/span>&nbsp;25 km.<br><span style=\"font-weight: bolder;\">Durada estimada<\/span>: 5h 55min<br><span style=\"font-weight: bolder;\">Allotjament<\/span>: AlbergueFerramenteiro &#8211; 10\u20ac<\/p><p>Ens despert\u00e0vem normalment cap a les 7\/8 am, comen\u00e7\u00e0vem la seg\u00fcent etapa i esmorz\u00e0vem pel cam\u00ed.<\/p><p>Des del poble de Gonzar, el cam\u00ed continua per Castromaior i Ligonde, l&#8217;hospital del qual va albergar a l&#8217;emperador Carles I i al seu fill Felip II, els pelegrins m\u00e9s coneguts del segle XVI.<\/p><p>Immediatament despr\u00e9s, la ruta s&#8217;endinsa en terrenys del municipi de Palas de Rei, que deu el seu nom a un suposat palau reial constru\u00eft en els seus voltants. El paisatge tamb\u00e9 \u00e9s molt maco en aquesta etapa.<\/p><p>Com ja he comentat, ens ho vam prendre amb tranquil\u00b7litat i vam tardar m\u00e9s del temps que suggerim com a durada estimada, per\u00f2 cadasc\u00fa pot anar al ritme que prefereixi. Nosaltres an\u00e0vem fent parades a pobles, esgl\u00e9sies i bars pel cam\u00ed. Tamb\u00e9 podeu dinar pels pobles del cam\u00ed, si no arribeu a temps a l\u2019alberg. La majoria tenen el que li diuen \u201cmen\u00fa del Pelegrino\u201d.<\/p>\t\t\t\t\t\t\t\t<\/div>\n\t\t\t\t<\/div>\n\t\t\t\t\t<\/div>\n\t\t<\/div>\n\t\t\t\t<div class=\"elementor-column elementor-col-50 elementor-inner-column elementor-element elementor-element-b2e0939\" data-id=\"b2e0939\" data-element_type=\"column\">\n\t\t\t<div class=\"elementor-widget-wrap elementor-element-populated\">\n\t\t\t\t\t\t<div class=\"elementor-element elementor-element-64fd159 elementor-widget elementor-widget-image\" data-id=\"64fd159\" data-element_type=\"widget\" data-widget_type=\"image.default\">\n\t\t\t\t<div class=\"elementor-widget-container\">\n\t\t\t\t\t\t\t\t\t\t\t\t\t\t\t<img loading=\"lazy\" decoding=\"async\" width=\"768\" height=\"1024\" src=\"https:\/\/betravel.net\/wp-content\/uploads\/2021\/09\/IMG_2888-768x1024.png\" class=\"attachment-large size-large wp-image-13522\" alt=\"\" srcset=\"https:\/\/betravel.net\/wp-content\/uploads\/2021\/09\/IMG_2888-768x1024.png 768w, https:\/\/betravel.net\/wp-content\/uploads\/2021\/09\/IMG_2888-225x300.png 225w, https:\/\/betravel.net\/wp-content\/uploads\/2021\/09\/IMG_2888-1152x1536.png 1152w, https:\/\/betravel.net\/wp-content\/uploads\/2021\/09\/IMG_2888-1536x2048.png 1536w\" sizes=\"(max-width: 768px) 100vw, 768px\" \/>\t\t\t\t\t\t\t\t\t\t\t\t\t\t\t<\/div>\n\t\t\t\t<\/div>\n\t\t\t\t<div class=\"elementor-element elementor-element-86fbb8a elementor-widget elementor-widget-heading\" data-id=\"86fbb8a\" data-element_type=\"widget\" data-widget_type=\"heading.default\">\n\t\t\t\t<div class=\"elementor-widget-container\">\n\t\t\t\t\t<h3 class=\"elementor-heading-title elementor-size-default\">Dia 4: <strong>Palas de Rei - Arz\u00faa<\/strong><\/h3>\t\t\t\t<\/div>\n\t\t\t\t<\/div>\n\t\t\t\t<div class=\"elementor-element elementor-element-252ed18 elementor-widget elementor-widget-text-editor\" data-id=\"252ed18\" data-element_type=\"widget\" data-widget_type=\"text-editor.default\">\n\t\t\t\t<div class=\"elementor-widget-container\">\n\t\t\t\t\t\t\t\t\t<p><strong>Dist\u00e0ncia:<\/strong>\u00a028km<br \/><strong>Durada estimada:\u00a0<\/strong>6h 30min<br \/><strong>Allotjament<\/strong>: Albergue Zendoira 10\u20ac<\/p><p>Aquesta \u00e9s l\u2019etapa m\u00e9s llarga i dura a causa de les pujades i baixades, a m\u00e9s ja comen\u00e7\u00e0vem a notar les agulletes de les anteriors caminades.<\/p><p>L&#8217;etapa segueix l&#8217;eix de la nacional N-547, la qual creuem diverses vegades, i \u00e9s un continu pujar i baixar, sobretot a partir de Melide, a causa dels nombrosos rierols que corren transversals a la nostra marxa.<\/p><p>A Melide es trobem dues de les \u00abpulper\u00edas\u00bb m\u00e9s prestigioses d&#8217;Espanya, on serveixen un excel\u00b7lent pop a la gallega. Nosaltres vam dinar a la \u00abPulper\u00eda Exequiel\u00bb, i ens va encantar el menjar i l\u2019experi\u00e8ncia.<\/p><p>Aquest dia ens va ploure una mica, d\u2019aqu\u00ed a recordar-vos la import\u00e0ncia d\u2019agafar l\u2019impermeable.<\/p><p>Vam arribar a Arz\u00faa i ens vam recompensar a nosaltres mateixes amb una bona pizza per sopar i a descansar.<\/p>\t\t\t\t\t\t\t\t<\/div>\n\t\t\t\t<\/div>\n\t\t\t\t\t<\/div>\n\t\t<\/div>\n\t\t\t\t\t<\/div>\n\t\t<\/section>\n\t\t\t\t<section class=\"elementor-section elementor-inner-section elementor-element elementor-element-d91ab5e elementor-section-boxed elementor-section-height-default elementor-section-height-default\" data-id=\"d91ab5e\" data-element_type=\"section\">\n\t\t\t\t\t\t<div class=\"elementor-container elementor-column-gap-default\">\n\t\t\t\t\t<div class=\"elementor-column elementor-col-50 elementor-inner-column elementor-element elementor-element-f8e7022\" data-id=\"f8e7022\" data-element_type=\"column\">\n\t\t\t<div class=\"elementor-widget-wrap elementor-element-populated\">\n\t\t\t\t\t\t<div class=\"elementor-element elementor-element-2c80ea1 elementor-widget elementor-widget-image\" data-id=\"2c80ea1\" data-element_type=\"widget\" data-widget_type=\"image.default\">\n\t\t\t\t<div class=\"elementor-widget-container\">\n\t\t\t\t\t\t\t\t\t\t\t\t\t\t\t<img loading=\"lazy\" decoding=\"async\" width=\"768\" height=\"1024\" src=\"https:\/\/betravel.net\/wp-content\/uploads\/2021\/09\/IMG_2934-1-768x1024.png\" class=\"attachment-large size-large wp-image-13526\" alt=\"\" srcset=\"https:\/\/betravel.net\/wp-content\/uploads\/2021\/09\/IMG_2934-1-768x1024.png 768w, https:\/\/betravel.net\/wp-content\/uploads\/2021\/09\/IMG_2934-1-225x300.png 225w, https:\/\/betravel.net\/wp-content\/uploads\/2021\/09\/IMG_2934-1-1152x1536.png 1152w, https:\/\/betravel.net\/wp-content\/uploads\/2021\/09\/IMG_2934-1-1536x2048.png 1536w\" sizes=\"(max-width: 768px) 100vw, 768px\" \/>\t\t\t\t\t\t\t\t\t\t\t\t\t\t\t<\/div>\n\t\t\t\t<\/div>\n\t\t\t\t<div class=\"elementor-element elementor-element-c86f903 elementor-widget elementor-widget-heading\" data-id=\"c86f903\" data-element_type=\"widget\" data-widget_type=\"heading.default\">\n\t\t\t\t<div class=\"elementor-widget-container\">\n\t\t\t\t\t<h3 class=\"elementor-heading-title elementor-size-default\">Dia 5: <strong>Arz\u00faa - O Pedrouzo<\/strong>\n<\/h3>\t\t\t\t<\/div>\n\t\t\t\t<\/div>\n\t\t\t\t<div class=\"elementor-element elementor-element-abae3c9 elementor-widget elementor-widget-text-editor\" data-id=\"abae3c9\" data-element_type=\"widget\" data-widget_type=\"text-editor.default\">\n\t\t\t\t<div class=\"elementor-widget-container\">\n\t\t\t\t\t\t\t\t\t<p><span style=\"font-weight: bolder;\">Dist\u00e0ncia:<\/span>\u00a025 km<br \/><span style=\"font-weight: bolder;\">Durada estimada:<\/span>\u00a06 hores 45 mins<br \/><span style=\"font-weight: bolder;\">Allotjament<\/span>: Albergue los 3 Abetos &#8211; 18 \u20ac<\/p><p>El que m\u00e9s ens va agradar d\u2019aquest tram va ser el \u201cBar Tia Dolores\u201d. \u00c9s molt original, quan compres la Cerveza et deixen un rotulador per posar el teu nom a l\u2019ampolla i aix\u00ed la pots deixar en aquesta mena d\u2019escultura com a record. (com a la foto).<\/p><p>Aquest dia vam fer l\u2019excepci\u00f3 d\u2019agafar una aprensi\u00f3 per descal\u00e7ar m\u00e9s c\u00f2modament i remullar-nos a la piscina.<\/p>\t\t\t\t\t\t\t\t<\/div>\n\t\t\t\t<\/div>\n\t\t\t\t\t<\/div>\n\t\t<\/div>\n\t\t\t\t<div class=\"elementor-column elementor-col-50 elementor-inner-column elementor-element elementor-element-eab2271\" data-id=\"eab2271\" data-element_type=\"column\">\n\t\t\t<div class=\"elementor-widget-wrap elementor-element-populated\">\n\t\t\t\t\t\t<div class=\"elementor-element elementor-element-f50aff6 elementor-widget elementor-widget-image\" data-id=\"f50aff6\" data-element_type=\"widget\" data-widget_type=\"image.default\">\n\t\t\t\t<div class=\"elementor-widget-container\">\n\t\t\t\t\t\t\t\t\t\t\t\t\t\t\t<img loading=\"lazy\" decoding=\"async\" width=\"768\" height=\"1024\" src=\"https:\/\/betravel.net\/wp-content\/uploads\/2021\/09\/IMG_3010-768x1024.png\" class=\"attachment-large size-large wp-image-13530\" alt=\"\" srcset=\"https:\/\/betravel.net\/wp-content\/uploads\/2021\/09\/IMG_3010-768x1024.png 768w, https:\/\/betravel.net\/wp-content\/uploads\/2021\/09\/IMG_3010-225x300.png 225w, https:\/\/betravel.net\/wp-content\/uploads\/2021\/09\/IMG_3010-1152x1536.png 1152w, https:\/\/betravel.net\/wp-content\/uploads\/2021\/09\/IMG_3010-1536x2048.png 1536w\" sizes=\"(max-width: 768px) 100vw, 768px\" \/>\t\t\t\t\t\t\t\t\t\t\t\t\t\t\t<\/div>\n\t\t\t\t<\/div>\n\t\t\t\t<div class=\"elementor-element elementor-element-4feed0a elementor-widget elementor-widget-heading\" data-id=\"4feed0a\" data-element_type=\"widget\" data-widget_type=\"heading.default\">\n\t\t\t\t<div class=\"elementor-widget-container\">\n\t\t\t\t\t<h3 class=\"elementor-heading-title elementor-size-default\">Dia 6: <strong>O Pedrouzo - Santiago de Compostela<\/strong><\/h3>\t\t\t\t<\/div>\n\t\t\t\t<\/div>\n\t\t\t\t<div class=\"elementor-element elementor-element-79f8c18 elementor-widget elementor-widget-text-editor\" data-id=\"79f8c18\" data-element_type=\"widget\" data-widget_type=\"text-editor.default\">\n\t\t\t\t<div class=\"elementor-widget-container\">\n\t\t\t\t\t\t\t\t\t<p><span style=\"font-weight: bolder;\">Dist\u00e0ncia:<\/span>\u00a015 km<br \/><span style=\"font-weight: bolder;\">Durada estimada<\/span>: 4 hores<br \/><span style=\"font-weight: bolder;\">Allotjament:<\/span>\u00a0albergue \u2018mirador de pedrouso\u2019 &#8211; 16\u20ac<\/p><p>L\u2019\u00faltim dia va ser dels m\u00e9s f\u00e0cils i m\u00e9s r\u00e0pids. Ja est\u00e0vem acostumades a les llargues caminades. Vam arribar sobre les 13h a Santiago de Compostela. Fa una emoci\u00f3 especial veure la catedral de fons, anar-se acostant fins a arribar-hi i finalitzar el recorregut. Vam seure a la preciosa catedral durant mitja horeta i vam anar rebent tota la gent amb la qual ens hav\u00edem fet amics al llarg del cam\u00ed. Finalment vam anar tots junt, a dinar i a celebrar l\u2019arribada.<\/p><p>All\u00e0 vam \u00a0provar per primer cop les \u201cancas de rana\u201d!<\/p>\t\t\t\t\t\t\t\t<\/div>\n\t\t\t\t<\/div>\n\t\t\t\t\t<\/div>\n\t\t<\/div>\n\t\t\t\t\t<\/div>\n\t\t<\/section>\n\t\t\t\t<section class=\"elementor-section elementor-inner-section elementor-element elementor-element-ac46149 elementor-section-boxed elementor-section-height-default elementor-section-height-default\" data-id=\"ac46149\" data-element_type=\"section\">\n\t\t\t\t\t\t<div class=\"elementor-container elementor-column-gap-default\">\n\t\t\t\t\t<div class=\"elementor-column elementor-col-50 elementor-inner-column elementor-element elementor-element-91de355\" data-id=\"91de355\" data-element_type=\"column\">\n\t\t\t<div class=\"elementor-widget-wrap elementor-element-populated\">\n\t\t\t\t\t\t<div class=\"elementor-element elementor-element-e73eb9b elementor-widget elementor-widget-image\" data-id=\"e73eb9b\" data-element_type=\"widget\" data-widget_type=\"image.default\">\n\t\t\t\t<div class=\"elementor-widget-container\">\n\t\t\t\t\t\t\t\t\t\t\t\t\t\t\t<img loading=\"lazy\" decoding=\"async\" width=\"768\" height=\"1024\" src=\"https:\/\/betravel.net\/wp-content\/uploads\/2021\/09\/IMG_3087-768x1024.png\" class=\"attachment-large size-large wp-image-13534\" alt=\"\" srcset=\"https:\/\/betravel.net\/wp-content\/uploads\/2021\/09\/IMG_3087-768x1024.png 768w, https:\/\/betravel.net\/wp-content\/uploads\/2021\/09\/IMG_3087-225x300.png 225w, https:\/\/betravel.net\/wp-content\/uploads\/2021\/09\/IMG_3087-1152x1536.png 1152w, https:\/\/betravel.net\/wp-content\/uploads\/2021\/09\/IMG_3087-1536x2048.png 1536w\" sizes=\"(max-width: 768px) 100vw, 768px\" \/>\t\t\t\t\t\t\t\t\t\t\t\t\t\t\t<\/div>\n\t\t\t\t<\/div>\n\t\t\t\t<div class=\"elementor-element elementor-element-5fd1c45 elementor-widget elementor-widget-heading\" data-id=\"5fd1c45\" data-element_type=\"widget\" data-widget_type=\"heading.default\">\n\t\t\t\t<div class=\"elementor-widget-container\">\n\t\t\t\t\t<h3 class=\"elementor-heading-title elementor-size-default\">Dia 7: <strong>Santiago de Compostela<\/strong>\n<\/h3>\t\t\t\t<\/div>\n\t\t\t\t<\/div>\n\t\t\t\t<div class=\"elementor-element elementor-element-6348cdb elementor-widget elementor-widget-text-editor\" data-id=\"6348cdb\" data-element_type=\"widget\" data-widget_type=\"text-editor.default\">\n\t\t\t\t<div class=\"elementor-widget-container\">\n\t\t\t\t\t\t\t\t\t<p><span style=\"font-weight: bolder;\">Allotjement:<\/span>\u00a0Hostal Camposur\u00a0 &#8211; 35\u20ac<br \/><span style=\"font-weight: bolder;\">Total viatge:<\/span>\u00a0210 \u20ac<\/p><p>Durant aquest \u00faltim dia del nostre viatge, vam estar caminant i descobrint Santiago de Compostela, meravellosa ciutat que cap de les dues hi havia estat mai.<\/p><p>Tamb\u00e9 vam aprofitar per anar a buscar la Compostela a la catedral. Normalment, m\u00e9s en \u00e8poca d&#8217;estiu, hi trobar\u00e0s una cua bastant llarga, per\u00f2 segons la nostra experi\u00e8ncia, avan\u00e7a bastant de pressa. Et recomanem anar amb marge de temps, abans que tanquin.<\/p><p>Finalment vam acomiadar-nos de tothom a qui hav\u00edem conegut pel cam\u00ed i diumenge a la matinada ja vam tornar en avi\u00f3 cap a Barcelona.<\/p><p>Fi del viatge.<\/p>\t\t\t\t\t\t\t\t<\/div>\n\t\t\t\t<\/div>\n\t\t\t\t\t<\/div>\n\t\t<\/div>\n\t\t\t\t<div class=\"elementor-column elementor-col-50 elementor-inner-column elementor-element elementor-element-f1e77d9\" data-id=\"f1e77d9\" data-element_type=\"column\">\n\t\t\t<div class=\"elementor-widget-wrap\">\n\t\t\t\t\t\t\t<\/div>\n\t\t<\/div>\n\t\t\t\t\t<\/div>\n\t\t<\/section>\n\t\t\t\t\t<\/div>\n\t\t<\/div>\n\t\t\t\t\t<\/div>\n\t\t<\/section>\n\t\t\t\t<\/div>\n\t\t","protected":false},"excerpt":{"rendered":"<p>Nuestra compa\u00f1era Luiza y una amiga suya han aprovechado estos d\u00edas de vacaciones para hacer un tramo del Camino de Santiago. Era la primera vez que lo hac\u00edan y \u2026<\/p>\n","protected":false},"author":1,"featured_media":14988,"comment_status":"closed","ping_status":"open","sticky":false,"template":"","format":"standard","meta":{"inline_featured_image":false,"footnotes":""},"categories":[1],"tags":[],"class_list":["post-15375","post","type-post","status-publish","format-standard","has-post-thumbnail","hentry","category-sin-categorizar"],"acf":[],"_links":{"self":[{"href":"https:\/\/betravel.net\/es\/wp-json\/wp\/v2\/posts\/15375","targetHints":{"allow":["GET"]}}],"collection":[{"href":"https:\/\/betravel.net\/es\/wp-json\/wp\/v2\/posts"}],"about":[{"href":"https:\/\/betravel.net\/es\/wp-json\/wp\/v2\/types\/post"}],"author":[{"embeddable":true,"href":"https:\/\/betravel.net\/es\/wp-json\/wp\/v2\/users\/1"}],"replies":[{"embeddable":true,"href":"https:\/\/betravel.net\/es\/wp-json\/wp\/v2\/comments?post=15375"}],"version-history":[{"count":1,"href":"https:\/\/betravel.net\/es\/wp-json\/wp\/v2\/posts\/15375\/revisions"}],"predecessor-version":[{"id":15378,"href":"https:\/\/betravel.net\/es\/wp-json\/wp\/v2\/posts\/15375\/revisions\/15378"}],"wp:featuredmedia":[{"embeddable":true,"href":"https:\/\/betravel.net\/es\/wp-json\/wp\/v2\/media\/14988"}],"wp:attachment":[{"href":"https:\/\/betravel.net\/es\/wp-json\/wp\/v2\/media?parent=15375"}],"wp:term":[{"taxonomy":"category","embeddable":true,"href":"https:\/\/betravel.net\/es\/wp-json\/wp\/v2\/categories?post=15375"},{"taxonomy":"post_tag","embeddable":true,"href":"https:\/\/betravel.net\/es\/wp-json\/wp\/v2\/tags?post=15375"}],"curies":[{"name":"wp","href":"https:\/\/api.w.org\/{rel}","templated":true}]}}