{"id":11725,"date":"2019-10-03T16:23:45","date_gmt":"2019-10-03T14:23:45","guid":{"rendered":"https:\/\/betravel.net\/?p=11725"},"modified":"2019-10-03T16:23:45","modified_gmt":"2019-10-03T14:23:45","slug":"costa-da-morte-ries-galicia","status":"publish","type":"post","link":"https:\/\/betravel.net\/es\/2019\/10\/03\/costa-da-morte-ries-galicia\/","title":{"rendered":"Costa da Morte, entre ries a Gal\u00edcia"},"content":{"rendered":"<p>Entre les Ries Baixes i les Ries Altes de Gal\u00edcia, trobem aquesta franja de terra que arriba al mar abruptament. Les galegues i els galegos l\u2019anomenen Costa da Morte. Es tracta d&#8217;un litoral, abrupte, salvatge, amb platges verges, impossible de ser utilitzades per al bany a causa del constant onatge. Per\u00f2 aquest litoral tamb\u00e9 \u00e9s capa\u00e7 d&#8217;amagar racons, on el paisatge convida al bany per la tranquil\u00b7litat i transpar\u00e8ncia de les seves aig\u00fces.<\/p>\n<p>I no, no rep el nom de <em>Costa da Morte<\/em>, perqu\u00e8 s\u00ed. Deixant de banda una mica les llegendes, hi ha una hist\u00f2ria en particular que va deixar una visible petjada en forma de cementiri a la\u00a0zona de <strong>Camari\u00f1as<\/strong>. Comen\u00e7ava el mes de novembre de 1890, quan un vaixell de vapor angl\u00e8s, que es dirigia a l&#8217;\u00cdndia, es va topar amb un fort\u00edssim temporal, que el va fer estavellar contra la <strong>Punta do Boi<\/strong> i va obligar als seus 175 passatgers a lluitar per sobreviure.<\/p>\n<p>Els cossos sense vida van anar arribant a la costa i, de tot el passatge, nom\u00e9s van aconseguir sobreviure tres persones. Els supervivents i la mateixa poblaci\u00f3 local van conjuminar forces per a donar sepultura als morts. Es va construir un cementiri, conegut avui dia com a <strong>Cementiri dels Anglesos<\/strong>. Aquest es pot visitar sense problemes molt a prop de l&#8217;indret on es va esdevenir la trag\u00e8dia.<\/p>\n<h2>Qu\u00e8 visitar a Gal\u00edcia?<\/h2>\n<p>Una mica apartada del turisme de masses, aquesta zona t\u00e9 dos potents focus tur\u00edstics. <strong>Mux\u00eda i Fisterra<\/strong>, tots dos propers a <strong>fars\u00a0emblem\u00e0tics<\/strong>. Mux\u00eda \u00e9s a prop del far de Touri\u00f1an el m\u00e9s occidental de tot Europa,\u00a0des d&#8217;on les vistes s\u00f3n espectaculars, envoltat\u00a0de penya-segats i roques. Hi deu haver un espectacle esparverant en un dia de tempesta. L&#8217;altre \u00e9s el m\u00edtic far de Fisterra, el m\u00e9s tur\u00edstic de\u00a0tots i actualment final del conegut <strong>Cam\u00ed de Santiago<\/strong>, que es troba un cop superada la ciutat\u00a0del pelegrinatge.<\/p>\n<h3>De vacances a Gal\u00edcia: Recomanacions!<\/h3>\n<p>Ja que parlem de fars, no podem deixar de visitar el <strong>far\u00a0de Vil\u00e1n a Camari\u00f1as<\/strong>, des del seu entorn es pot gaudir d&#8217;unes postes de sol espectaculars. No cal dir, per obvi, que la <strong>gastronomia<\/strong> en aquests indrets est\u00e0 basada en el <strong>peix i el marisc<\/strong>. Restaurants de totes les mides i per totes les\u00a0butxaques omplen els carrers dels pobles d&#8217;aquesta costa molt desconeguda per la majoria dels turistes que visiten\u00a0Gal\u00edcia.<\/p>\n<p>Per la seva qualitat i\u00a0l&#8217;excel\u00b7lent relaci\u00f3 amb el preu cal fer esment del petit restaurant de\u00a0l&#8217;<a href=\"https:\/\/www.hotelpuertoarnela.com\/\" target=\"_blank\" rel=\"noopener noreferrer\"><strong>Hotel Puerto Arnela\u00a0de Camari\u00f1as<\/strong><\/a>, cal fer reserva sempre per\u00f2 no podeu marxar d&#8217;aquest indret sense fer un\u00a0tast. Per complementar la proposta us podeu allotjar en un\u00a0hotelet als afores de Camari\u00f1as, amb nom\u00e9s set habitacions i un tracte immillorable, es diu\u00a0<a href=\"https:\/\/www.docotarino.com\/\" target=\"_blank\" rel=\"noopener noreferrer\"><strong>Hotel Lugar do Cotari\u00f1o<\/strong><\/a>. Val la pena provar-ho, no \u00fas desenganyar\u00e0.\u00a0Com tampoc us decebran els\u00a0paisatges d&#8217;aquest indret de la costa gallega.<\/p>\n<p><em>Josep Jorba, Gerent de Betravel viatges.<\/em><\/p>\n<p>[rl_gallery id=\u00bb11726&#8243;] <\/p>\n","protected":false},"excerpt":{"rendered":"<p>Entre les Ries Baixes i les Ries Altes de Gal\u00edcia, trobem aquesta franja de terra que arriba al mar abruptament. Les galegues i els galegos l\u2019anomenen Costa da Morte.<\/p>\n","protected":false},"author":1,"featured_media":11732,"comment_status":"closed","ping_status":"open","sticky":false,"template":"","format":"standard","meta":{"inline_featured_image":false,"footnotes":""},"categories":[30,8],"tags":[176,258,259,231,224],"class_list":["post-11725","post","type-post","status-publish","format-standard","has-post-thumbnail","hentry","category-escapades","category-recomanacions","tag-escapades","tag-galicia","tag-que-veure-a-galicia","tag-recomanacions","tag-vacances"],"acf":[],"_links":{"self":[{"href":"https:\/\/betravel.net\/es\/wp-json\/wp\/v2\/posts\/11725","targetHints":{"allow":["GET"]}}],"collection":[{"href":"https:\/\/betravel.net\/es\/wp-json\/wp\/v2\/posts"}],"about":[{"href":"https:\/\/betravel.net\/es\/wp-json\/wp\/v2\/types\/post"}],"author":[{"embeddable":true,"href":"https:\/\/betravel.net\/es\/wp-json\/wp\/v2\/users\/1"}],"replies":[{"embeddable":true,"href":"https:\/\/betravel.net\/es\/wp-json\/wp\/v2\/comments?post=11725"}],"version-history":[{"count":0,"href":"https:\/\/betravel.net\/es\/wp-json\/wp\/v2\/posts\/11725\/revisions"}],"wp:featuredmedia":[{"embeddable":true,"href":"https:\/\/betravel.net\/es\/wp-json\/wp\/v2\/media\/11732"}],"wp:attachment":[{"href":"https:\/\/betravel.net\/es\/wp-json\/wp\/v2\/media?parent=11725"}],"wp:term":[{"taxonomy":"category","embeddable":true,"href":"https:\/\/betravel.net\/es\/wp-json\/wp\/v2\/categories?post=11725"},{"taxonomy":"post_tag","embeddable":true,"href":"https:\/\/betravel.net\/es\/wp-json\/wp\/v2\/tags?post=11725"}],"curies":[{"name":"wp","href":"https:\/\/api.w.org\/{rel}","templated":true}]}}